{"id":420,"date":"2019-01-02T01:09:08","date_gmt":"2019-01-02T00:09:08","guid":{"rendered":"http:\/\/antillestores.fr\/cms\/wordpress\/?p=420"},"modified":"2019-01-02T01:09:08","modified_gmt":"2019-01-02T00:09:08","slug":"les-20-ans-des-boucans-de-la-baie","status":"publish","type":"post","link":"https:\/\/antillestores.fr\/cms\/wordpress\/?p=420","title":{"rendered":"Les 20 ans des Boucans de la Baie"},"content":{"rendered":"<p>Ce dimanche 30 d\u00e9cembre 2018 , Fort de France nous a propos\u00e9 un spectacle pyrotechnique depuis le Fort Saint Louis.<br \/>\nApr\u00e8s cet \u00e9blouissement du ciel, le groupe Kwaxi propose un concert en plein air avec la participation de Kali,l&rsquo;invit\u00e9 du jour.<\/p>\n<p><iframe loading=\"lazy\" width=\"660\" height=\"371\" src=\"https:\/\/www.youtube.com\/embed\/d0y6nGQhM0w?feature=oembed\" frameborder=\"0\" allow=\"accelerometer; autoplay; encrypted-media; gyroscope; picture-in-picture\" allowfullscreen><\/iframe><\/p>\n<p><iframe loading=\"lazy\" width=\"660\" height=\"371\" src=\"https:\/\/www.youtube.com\/embed\/JJhpJRuZhO0?feature=oembed\" frameborder=\"0\" allow=\"accelerometer; autoplay; encrypted-media; gyroscope; picture-in-picture\" allowfullscreen><\/iframe><\/p>\n","protected":false},"excerpt":{"rendered":"<p>Ce dimanche 30 d\u00e9cembre 2018 , Fort de France nous a propos\u00e9 un spectacle pyrotechnique depuis le Fort Saint Louis. Apr\u00e8s cet \u00e9blouissement du ciel, le groupe Kwaxi propose un concert en plein air avec la participation de Kali,l&rsquo;invit\u00e9 du jour.<\/p>\n","protected":false},"author":1,"featured_media":0,"comment_status":"closed","ping_status":"open","sticky":false,"template":"","format":"standard","meta":[],"categories":[58],"tags":[65,66],"_links":{"self":[{"href":"https:\/\/antillestores.fr\/cms\/wordpress\/index.php?rest_route=\/wp\/v2\/posts\/420"}],"collection":[{"href":"https:\/\/antillestores.fr\/cms\/wordpress\/index.php?rest_route=\/wp\/v2\/posts"}],"about":[{"href":"https:\/\/antillestores.fr\/cms\/wordpress\/index.php?rest_route=\/wp\/v2\/types\/post"}],"author":[{"embeddable":true,"href":"https:\/\/antillestores.fr\/cms\/wordpress\/index.php?rest_route=\/wp\/v2\/users\/1"}],"replies":[{"embeddable":true,"href":"https:\/\/antillestores.fr\/cms\/wordpress\/index.php?rest_route=%2Fwp%2Fv2%2Fcomments&post=420"}],"version-history":[{"count":1,"href":"https:\/\/antillestores.fr\/cms\/wordpress\/index.php?rest_route=\/wp\/v2\/posts\/420\/revisions"}],"predecessor-version":[{"id":421,"href":"https:\/\/antillestores.fr\/cms\/wordpress\/index.php?rest_route=\/wp\/v2\/posts\/420\/revisions\/421"}],"wp:attachment":[{"href":"https:\/\/antillestores.fr\/cms\/wordpress\/index.php?rest_route=%2Fwp%2Fv2%2Fmedia&parent=420"}],"wp:term":[{"taxonomy":"category","embeddable":true,"href":"https:\/\/antillestores.fr\/cms\/wordpress\/index.php?rest_route=%2Fwp%2Fv2%2Fcategories&post=420"},{"taxonomy":"post_tag","embeddable":true,"href":"https:\/\/antillestores.fr\/cms\/wordpress\/index.php?rest_route=%2Fwp%2Fv2%2Ftags&post=420"}],"curies":[{"name":"wp","href":"https:\/\/api.w.org\/{rel}","templated":true}]}}