{"id":348,"date":"2018-07-19T08:13:57","date_gmt":"2018-07-19T06:13:57","guid":{"rendered":"http:\/\/antillestores.fr\/cms\/wordpress\/?p=348"},"modified":"2018-07-19T09:20:00","modified_gmt":"2018-07-19T07:20:00","slug":"harmonik-en-concert-a-st-pierre","status":"publish","type":"post","link":"https:\/\/antillestores.fr\/cms\/wordpress\/?p=348","title":{"rendered":"HARMONIK en concert \u00e0 St Pierre"},"content":{"rendered":"<p>Le groupe musical de compas Harmonik a assur\u00e9 un spectacle haut en couleurs et en sonorit\u00e9s , le vendredi 29 juin 2018 \u00e0 Saint-Pierre.<\/p>\n<p><iframe loading=\"lazy\" width=\"660\" height=\"371\" src=\"https:\/\/www.youtube.com\/embed\/d4uUFnHsy5M?feature=oembed\" frameborder=\"0\" allow=\"autoplay; encrypted-media\" allowfullscreen><\/iframe><\/p>\n","protected":false},"excerpt":{"rendered":"<p>Le groupe musical de compas Harmonik a assur\u00e9 un spectacle haut en couleurs et en sonorit\u00e9s , le vendredi 29 juin 2018 \u00e0 Saint-Pierre.<\/p>\n","protected":false},"author":1,"featured_media":0,"comment_status":"closed","ping_status":"open","sticky":false,"template":"","format":"standard","meta":[],"categories":[58],"tags":[],"_links":{"self":[{"href":"https:\/\/antillestores.fr\/cms\/wordpress\/index.php?rest_route=\/wp\/v2\/posts\/348"}],"collection":[{"href":"https:\/\/antillestores.fr\/cms\/wordpress\/index.php?rest_route=\/wp\/v2\/posts"}],"about":[{"href":"https:\/\/antillestores.fr\/cms\/wordpress\/index.php?rest_route=\/wp\/v2\/types\/post"}],"author":[{"embeddable":true,"href":"https:\/\/antillestores.fr\/cms\/wordpress\/index.php?rest_route=\/wp\/v2\/users\/1"}],"replies":[{"embeddable":true,"href":"https:\/\/antillestores.fr\/cms\/wordpress\/index.php?rest_route=%2Fwp%2Fv2%2Fcomments&post=348"}],"version-history":[{"count":2,"href":"https:\/\/antillestores.fr\/cms\/wordpress\/index.php?rest_route=\/wp\/v2\/posts\/348\/revisions"}],"predecessor-version":[{"id":352,"href":"https:\/\/antillestores.fr\/cms\/wordpress\/index.php?rest_route=\/wp\/v2\/posts\/348\/revisions\/352"}],"wp:attachment":[{"href":"https:\/\/antillestores.fr\/cms\/wordpress\/index.php?rest_route=%2Fwp%2Fv2%2Fmedia&parent=348"}],"wp:term":[{"taxonomy":"category","embeddable":true,"href":"https:\/\/antillestores.fr\/cms\/wordpress\/index.php?rest_route=%2Fwp%2Fv2%2Fcategories&post=348"},{"taxonomy":"post_tag","embeddable":true,"href":"https:\/\/antillestores.fr\/cms\/wordpress\/index.php?rest_route=%2Fwp%2Fv2%2Ftags&post=348"}],"curies":[{"name":"wp","href":"https:\/\/api.w.org\/{rel}","templated":true}]}}